[{"@context":"https:\/\/schema.org\/","@type":"Article","@id":"https:\/\/www.beatrice.sk\/ochranou-prirody-sa-da-usetrit\/#Article","mainEntityOfPage":"https:\/\/www.beatrice.sk\/ochranou-prirody-sa-da-usetrit\/","headline":"Ochranou pr\u00edrody sa d\u00e1 u\u0161etri\u0165","name":"Ochranou pr\u00edrody sa d\u00e1 u\u0161etri\u0165","description":"Ur\u010dite ste si v\u0161imli, \u017ee moment\u00e1lne sa u\u00a0n\u00e1s rozm\u00e1ha riadne tropick\u00e9 leto. N\u00e1sledkom klimatick\u00fdch zmien sa aj k\u00a0n\u00e1m dostali tak\u00e9to hor\u00fa\u010davy. Ekologicky akt\u00edvni a\u00a0uvedomel\u00ed \u013eudia za\u010d\u00ednaj\u00fa alebo u\u017e dlhodobo \u0161etria pr\u00edrodu a\u00a0sna\u017eia sa \u010do najviac obmedzi\u0165 svoj vplyv na Matku Zem. Vedeli ste, \u017ee \u0161etren\u00edm pr\u00edrody \u0161etr\u00edte aj svoju pe\u0148a\u017eenku? Tak sa na to pozrime: [&hellip;]","datePublished":"2025-02-26","dateModified":"2023-04-26","author":{"@type":"Person","@id":"https:\/\/www.beatrice.sk\/author\/#Person","name":"","url":"https:\/\/www.beatrice.sk\/author\/","identifier":1,"image":{"@type":"ImageObject","@id":"https:\/\/secure.gravatar.com\/avatar\/c3c8c755425dd2471c09c708679d7ce7419edeb32b4db4bfbe1377eb9462fa49?s=96&d=mm&r=g","url":"https:\/\/secure.gravatar.com\/avatar\/c3c8c755425dd2471c09c708679d7ce7419edeb32b4db4bfbe1377eb9462fa49?s=96&d=mm&r=g","height":96,"width":96}},"publisher":{"@type":"Organization","name":"beatrice.sk","logo":{"@type":"ImageObject","@id":"\/logo.png","url":"\/logo.png","width":600,"height":60}},"image":{"@type":"ImageObject","@id":"https:\/\/www.beatrice.sk\/wp-content\/uploads\/img_a290796_w16556_t1536083345.jpg","url":"https:\/\/www.beatrice.sk\/wp-content\/uploads\/img_a290796_w16556_t1536083345.jpg","height":0,"width":0},"url":"https:\/\/www.beatrice.sk\/ochranou-prirody-sa-da-usetrit\/","about":["Peniaze"],"wordCount":509,"articleBody":"Ur\u010dite ste si v\u0161imli, \u017ee moment\u00e1lne sa u\u00a0n\u00e1s rozm\u00e1ha riadne tropick\u00e9 leto. N\u00e1sledkom klimatick\u00fdch zmien sa aj k\u00a0n\u00e1m dostali tak\u00e9to hor\u00fa\u010davy. Ekologicky akt\u00edvni a\u00a0uvedomel\u00ed \u013eudia za\u010d\u00ednaj\u00fa alebo u\u017e dlhodobo \u0161etria pr\u00edrodu a\u00a0sna\u017eia sa \u010do najviac obmedzi\u0165 svoj vplyv na Matku Zem.Vedeli ste, \u017ee \u0161etren\u00edm pr\u00edrody \u0161etr\u00edte aj svoju pe\u0148a\u017eenku? Tak sa na to pozrime:1.\u00a0\u00a0\u00a0\u00a0\u00a0\u00a0 Viacn\u00e1sobn\u00fdm pou\u017e\u00edvan\u00edm va\u0161ej zbierky doteraj\u0161\u00edch igelitiek, \u010di igelitov\u00fdch s\u00e1\u010dkov alebo viacn\u00e1sobn\u00fdm pou\u017e\u00edvan\u00edm l\u00e1tkovej ta\u0161ky u\u0161etr\u00edte s\u00edce p\u00e1r drobn\u00fdch, ale po ka\u017edodenn\u00fdch alebo menej \u010dast\u00fdch n\u00e1kupoch sa tieto drobn\u00e9 nazbieraj\u00fa na celkom slu\u0161n\u00fa \u010diastku pe\u0148az\u00ed. \u010ci\u017ee nielen\u017ee u\u0161etr\u00edte pr\u00edrodu, \u0165a\u017eenie nov\u00fdch zdrojov na v\u00fdrobu nov\u00fdch ta\u0161iek .. ale u\u0161etr\u00edte peniaze.2.\u00a0\u00a0\u00a0\u00a0\u00a0\u00a0 Vyr\u00e1ban\u00edm si dom\u00e1cej kozmetiky sa d\u00e1 u\u0161etri\u0165 tie\u017e dos\u0165 zna\u010dn\u00e1 suma pe\u0148az\u00ed. Samozrejme, nie v\u0161etko ide naraz. Najprv treba dou\u017e\u00edva\u0165 va\u0161u s\u00fa\u010dasn\u00fa kozmetiku a\u00a0a\u017e potom sa vrhn\u00fa\u0165 na v\u00fdrobu tej novej. Nemus\u00edte si vyr\u00e1ba\u0165 v\u0161etko, sta\u010d\u00ed \u00eds\u0165 na to pozvo\u013ena a\u00a0uvid\u00edte, \u017ee v\u00e1s to chyt\u00ed. Bude to pre v\u00e1s lacnej\u0161ie a\u00a0z\u00e1rove\u0148 sa pr\u00edroda nemus\u00ed za\u0165a\u017eova\u0165 st\u00e1le nov\u00fdmi a\u00a0nov\u00fdmi plastov\u00fdmi obalmi, ktor\u00e9 by vznikali z\u00a0va\u0161ej kupovanej kozmetiky. A\u00a0bonus k\u00a0tomu, \u017ee budete vedie\u0165 \u010do vo va\u0161ej dom\u00e1cej kozmetiky je a\u00a0\u017ee je pre v\u00e1s prospe\u0161n\u00e1.3.\u00a0\u00a0\u00a0\u00a0\u00a0\u00a0 Zbavi\u0165 pr\u00edrodu odpadu by n\u00e1s st\u00e1lo nad\u013eudsk\u00fa energiu a\u00a0v\u00a0s\u00fa\u010dasnosti to ani nie je mo\u017en\u00e9. Spolo\u010dne sa v\u0161ak postupne m\u00f4\u017eeme o\u00a0to sna\u017ei\u0165. Prospejeme t\u00fdm nielen n\u00e1m, ale aj pr\u00edrode.4.\u00a0\u00a0\u00a0\u00a0\u00a0\u00a0 Namiesto n\u00e1kupu miner\u00e1lnej alebo inej vody v\u00a0plastov\u00fdch f\u013ea\u0161iach sk\u00faste siahnu\u0165 po sklenenej alebo nerezovej f\u013ea\u0161i, ktor\u00e1 v\u00e1m vydr\u017e\u00ed aj nieko\u013eko rokov. Nemus\u00edte si hne\u010f kupova\u0165 nejak\u00fa \u0161peci\u00e1lnu sklenen\u00fa f\u013ea\u0161u z\u00a0internetu za nehor\u00e1znu sumu, posta\u010d\u00ed v\u00e1m oby\u010dajn\u00e1 f\u013ea\u0161a, ktor\u00e1 v\u00e1m zostala z\u00a0d\u017e\u00fasu alebo z\u00a0mlieka. A\u00a0verte mi, \u017ee jej v\u00e1hu ani neuc\u00edtite. Kto chce, ten si n\u00e1jde sp\u00f4sob.5.\u00a0\u00a0\u00a0\u00a0\u00a0\u00a0 T\u00fdm, \u017ee si doma uvar\u00edte a\u00a0zoberiete do pr\u00e1ce obed u\u0161etr\u00edte tie\u017e dos\u0165 zna\u010dn\u00fa sumu pe\u0148az\u00ed a\u00a0u\u0161etr\u00ed t\u00fdm aj plan\u00e9ta. Preto\u017ee inak by ste si mo\u017eno i\u0161li k\u00fapi\u0165 obed do obchodu v\u00a0plastovej n\u00e1dobe alebo by ste v\u00a0re\u0161taur\u00e1cii v\u0161etko nezjedli a\u00a0zabalili by v\u00e1m to do plastu. Plastov\u00e9 boxy na jedlo s\u00fa jedny z\u00a0naj\u0165a\u017e\u0161ie rozlo\u017eite\u013en\u00fdch plastov v\u00f4bec.\u010co vy na to? Idete do toho?\u00a0                                                                                                                                                                                                                                                                                                                                                                                        4.3\/5 - (16 votes)        "},{"@context":"https:\/\/schema.org\/","@type":"BreadcrumbList","itemListElement":[{"@type":"ListItem","position":1,"name":"Ochranou pr\u00edrody sa d\u00e1 u\u0161etri\u0165","item":"https:\/\/www.beatrice.sk\/ochranou-prirody-sa-da-usetrit\/#breadcrumbitem"}]}]